{"id":287,"date":"2014-06-16T08:22:49","date_gmt":"2014-06-16T07:22:49","guid":{"rendered":"http:\/\/palmeralelx.umh.es\/?p=287"},"modified":"2014-06-16T08:22:49","modified_gmt":"2014-06-16T07:22:49","slug":"las-charlas-de-las-jornadas-del-palmeral-ilicitano-ya-estan-disponibles-en-la-web-de-la-catedra","status":"publish","type":"post","link":"https:\/\/palmeralelx.umh.es\/en\/2014\/06\/16\/las-charlas-de-las-jornadas-del-palmeral-ilicitano-ya-estan-disponibles-en-la-web-de-la-catedra\/","title":{"rendered":"<span lang=\"es\">(Espa\u00f1ol) Las charlas de las Jornadas del Palmeral Ilicitano ya est\u00e1n disponibles en la web de la c\u00e1tedra<\/span>"},"content":{"rendered":"<p class=\"qtranxs-available-languages-message qtranxs-available-languages-message-en\">Sorry, this entry is only available in <a href=\"https:\/\/palmeralelx.umh.es\/es\/wp-json\/wp\/v2\/posts\/287\" class=\"qtranxs-available-language-link qtranxs-available-language-link-es\" title=\"Espa\u00f1ol\">European Spanish<\/a>.<\/p>","protected":false},"excerpt":{"rendered":"<p>Sorry, this entry is only available in European Spanish.<\/p>\n","protected":false},"author":192,"featured_media":0,"comment_status":"closed","ping_status":"open","sticky":false,"template":"","format":"standard","meta":{"ngg_post_thumbnail":0,"_links_to":"","_links_to_target":""},"categories":[1],"tags":[],"_links":{"self":[{"href":"https:\/\/palmeralelx.umh.es\/en\/wp-json\/wp\/v2\/posts\/287"}],"collection":[{"href":"https:\/\/palmeralelx.umh.es\/en\/wp-json\/wp\/v2\/posts"}],"about":[{"href":"https:\/\/palmeralelx.umh.es\/en\/wp-json\/wp\/v2\/types\/post"}],"author":[{"embeddable":true,"href":"https:\/\/palmeralelx.umh.es\/en\/wp-json\/wp\/v2\/users\/192"}],"replies":[{"embeddable":true,"href":"https:\/\/palmeralelx.umh.es\/en\/wp-json\/wp\/v2\/comments?post=287"}],"version-history":[{"count":0,"href":"https:\/\/palmeralelx.umh.es\/en\/wp-json\/wp\/v2\/posts\/287\/revisions"}],"wp:attachment":[{"href":"https:\/\/palmeralelx.umh.es\/en\/wp-json\/wp\/v2\/media?parent=287"}],"wp:term":[{"taxonomy":"category","embeddable":true,"href":"https:\/\/palmeralelx.umh.es\/en\/wp-json\/wp\/v2\/categories?post=287"},{"taxonomy":"post_tag","embeddable":true,"href":"https:\/\/palmeralelx.umh.es\/en\/wp-json\/wp\/v2\/tags?post=287"}],"curies":[{"name":"wp","href":"https:\/\/api.w.org\/{rel}","templated":true}]}}